{"id":1723,"date":"2020-02-27T19:30:46","date_gmt":"2020-02-27T18:30:46","guid":{"rendered":"https:\/\/www.ifz-salzburg.at\/wie-un-gesagtes-die-geschlechterverhaeltnisse-beeinflusst\/"},"modified":"2020-02-27T19:30:46","modified_gmt":"2020-02-27T18:30:46","slug":"wie-un-gesagtes-die-geschlechterverhaeltnisse-beeinflusst","status":"publish","type":"post","link":"https:\/\/www.ifz-salzburg.at\/en\/wie-un-gesagtes-die-geschlechterverhaeltnisse-beeinflusst\/","title":{"rendered":"Wie (Un-)Gesagtes die Geschlechterverh\u00e4ltnisse beeinflusst"},"content":{"rendered":"<p>Kaum ein Aspekt unseres \u00f6ffentlichen Sprachgebrauchs erhitzt die Gem\u00fcter so sehr wie die Frage nach der sogenannten geschlechtergerechten Sprache. Die Philosophin Anne Siegetsleitner w\u00e4gte in ihrem Vortrag die verschiedenen Aspekte der Thematik systematisch ab und entwarf eine philosophisch fundierte Perspektive auf ein allt\u00e4gliches Spannungsfeld.<\/p>\n<p>Der Vortrag fand im Rahmen der dreiteiligen Gespr\u00e4chsreihe \u201e<a href=\"http:\/\/www.ifz-salzburg.at\/gespraechsreihe-sprache-macht-demokratie\/\" target=\"_blank\" rel=\"noopener noreferrer\">Sprache. Macht. Demokratie<\/a>\u201c statt. Die Veranstaltung wurde gef\u00f6rdert aus Mitteln der <a href=\"https:\/\/www.politischebildung.at\/\" target=\"_blank\" rel=\"noopener noreferrer\">\u00d6sterreichischen Gesellschaft f\u00fcr Politische Bildung<\/a>.<\/p>\n","protected":false},"excerpt":{"rendered":"<p>Kaum ein Aspekt unseres \u00f6ffentlichen Sprachgebrauchs erhitzt die Gem\u00fcter so sehr wie die Frage nach der sogenannten geschlechtergerechten Sprache. Die Philosophin Anne Siegetsleitner w\u00e4gte in ihrem Vortrag die verschiedenen Aspekte der Thematik systematisch ab und entwarf eine philosophisch fundierte Perspektive auf ein allt\u00e4gliches Spannungsfeld. Der Vortrag fand im Rahmen der dreiteiligen Gespr\u00e4chsreihe \u201eSprache. Macht. Demokratie\u201c [&hellip;]<\/p>\n","protected":false},"author":2,"featured_media":1490,"comment_status":"closed","ping_status":"closed","sticky":false,"template":"","format":"standard","meta":{"_acf_changed":false,"footnotes":""},"categories":[50],"tags":[],"class_list":["post-1723","post","type-post","status-publish","format-standard","has-post-thumbnail","hentry","category-veranstaltungen-en"],"acf":[],"_links":{"self":[{"href":"https:\/\/www.ifz-salzburg.at\/en\/wp-json\/wp\/v2\/posts\/1723","targetHints":{"allow":["GET"]}}],"collection":[{"href":"https:\/\/www.ifz-salzburg.at\/en\/wp-json\/wp\/v2\/posts"}],"about":[{"href":"https:\/\/www.ifz-salzburg.at\/en\/wp-json\/wp\/v2\/types\/post"}],"author":[{"embeddable":true,"href":"https:\/\/www.ifz-salzburg.at\/en\/wp-json\/wp\/v2\/users\/2"}],"replies":[{"embeddable":true,"href":"https:\/\/www.ifz-salzburg.at\/en\/wp-json\/wp\/v2\/comments?post=1723"}],"version-history":[{"count":0,"href":"https:\/\/www.ifz-salzburg.at\/en\/wp-json\/wp\/v2\/posts\/1723\/revisions"}],"wp:featuredmedia":[{"embeddable":true,"href":"https:\/\/www.ifz-salzburg.at\/en\/wp-json\/wp\/v2\/media\/1490"}],"wp:attachment":[{"href":"https:\/\/www.ifz-salzburg.at\/en\/wp-json\/wp\/v2\/media?parent=1723"}],"wp:term":[{"taxonomy":"category","embeddable":true,"href":"https:\/\/www.ifz-salzburg.at\/en\/wp-json\/wp\/v2\/categories?post=1723"},{"taxonomy":"post_tag","embeddable":true,"href":"https:\/\/www.ifz-salzburg.at\/en\/wp-json\/wp\/v2\/tags?post=1723"}],"curies":[{"name":"wp","href":"https:\/\/api.w.org\/{rel}","templated":true}]}}