{"id":1713,"date":"2020-11-16T09:55:42","date_gmt":"2020-11-16T08:55:42","guid":{"rendered":"https:\/\/www.ifz-salzburg.at\/resiliente-haltungen-und-handlungen\/"},"modified":"2022-04-20T09:30:15","modified_gmt":"2022-04-20T07:30:15","slug":"resiliente-haltungen-und-handlungen","status":"publish","type":"post","link":"https:\/\/www.ifz-salzburg.at\/en\/resiliente-haltungen-und-handlungen\/","title":{"rendered":"Resiliente Haltungen und Handlungen"},"content":{"rendered":"<p>Die Resilienzforschung fr\u00e4gt, was es Menschen erm\u00f6glicht, Belastungen, Widrigkeiten und Krisen weitestgehend unbeschadet zu \u00fcberstehen \u2013 oder gar noch an ihnen zu wachsen. Im Fr\u00fchjahr 2020 und jetzt im November waren und sind wir alle ganz pers\u00f6nlich mit der Frage nach unserer eigenen Widerstandskraft konfrontiert. Die Ma\u00dfnahmen zur Eind\u00e4mmung der Corona-Pandemie stellen uns erneut vor die Frage nach der eigenen Resilienz.<\/p>\n<p>Wie kommen wir gut durch die Zeit der massiven Einschr\u00e4nkungen? Was bedeutet diese Situation f\u00fcr\u00a0 Eltern schulpflichtiger Kinder? Werde ich Zuhause vereinsamen und wie kann ich mit diesen Gef\u00fchlen umgehen? Ist mein Arbeitsplatz sicher? Was ist mir wirklich wichtig?<\/p>\n<p>Um diesen und \u00e4hnlichen Themen Raum zu geben, haben wir auf unserer Internet-Seite ein <a href=\"https:\/\/www.ifz-salzburg.at\/schwerpunkte\/covid-19\/\" target=\"_blank\" rel=\"noopener noreferrer\">COVID-19-Forum<\/a> eingerichtet. Es dient der gemeinsamen Auseinandersetzung \u00fcber die individuellen Erfahrungen mit der schlagartig ge\u00e4nderten Wirklichkeit: Es verbindet die TeilnehmerInnen und Mit-Leser, schafft Verbundenheit. Das Forum schafft auch Orientierung in einer beunruhigend un\u00fcbersichtlichen Lage. Eben diese drei Dimensionen sind in der Resilienzforschung wichtig: sozialer Sinn, Kontrollsinn und Richtungssinn.<\/p>\n<p>Im Hintergrund vieler Eintr\u00e4ge deutet sich ein verl\u00e4ssliches Wertegef\u00fcge als generelles Merkmal resilienter Haltungen und Handlungen im Zeichen der Krise an. Dieser intakte Richtungssinn verweist auf eine gepflegte Innerlichkeit. Auch erleben wir, dass viele von uns in der Krise ethischer handeln als zuvor. Tugenden der R\u00fccksichtnahme, der Orientierung hin auf das Gemeinwohl und allgemeine Freundlichkeit r\u00fccken in den Vordergrund.<\/p>\n<p>Hier gelangen Sie zu unserem Resilienzprojekt \u201eResiliente Gemeinschaften\u201c: <a href=\"https:\/\/www.ifz-salzburg.at\/schwerpunkte\/forschungsprogramm-offene-mitte\/resiliente-gemeinschaften\/\" target=\"_blank\" rel=\"noopener noreferrer\">\u201eUmgang mit dem Unerbittlichen: Was Gemeinschaften und Organisationen angesichts von Katastrophen und Krisen resilient macht\u201c<\/a>.<\/p>\n","protected":false},"excerpt":{"rendered":"<p>Die Resilienzforschung fr\u00e4gt, was es Menschen erm\u00f6glicht, Belastungen, Widrigkeiten und Krisen weitestgehend unbeschadet zu \u00fcberstehen \u2013 oder gar noch an ihnen zu wachsen. Im Fr\u00fchjahr 2020 und jetzt im November waren und sind wir alle ganz pers\u00f6nlich mit der Frage nach unserer eigenen Widerstandskraft konfrontiert. Die Ma\u00dfnahmen zur Eind\u00e4mmung der Corona-Pandemie stellen uns erneut vor [&hellip;]<\/p>\n","protected":false},"author":2,"featured_media":0,"comment_status":"closed","ping_status":"closed","sticky":false,"template":"","format":"standard","meta":{"_acf_changed":false,"footnotes":""},"categories":[63],"tags":[],"class_list":["post-1713","post","type-post","status-publish","format-standard","hentry","category-forschung-en"],"acf":[],"_links":{"self":[{"href":"https:\/\/www.ifz-salzburg.at\/en\/wp-json\/wp\/v2\/posts\/1713","targetHints":{"allow":["GET"]}}],"collection":[{"href":"https:\/\/www.ifz-salzburg.at\/en\/wp-json\/wp\/v2\/posts"}],"about":[{"href":"https:\/\/www.ifz-salzburg.at\/en\/wp-json\/wp\/v2\/types\/post"}],"author":[{"embeddable":true,"href":"https:\/\/www.ifz-salzburg.at\/en\/wp-json\/wp\/v2\/users\/2"}],"replies":[{"embeddable":true,"href":"https:\/\/www.ifz-salzburg.at\/en\/wp-json\/wp\/v2\/comments?post=1713"}],"version-history":[{"count":1,"href":"https:\/\/www.ifz-salzburg.at\/en\/wp-json\/wp\/v2\/posts\/1713\/revisions"}],"predecessor-version":[{"id":2362,"href":"https:\/\/www.ifz-salzburg.at\/en\/wp-json\/wp\/v2\/posts\/1713\/revisions\/2362"}],"wp:attachment":[{"href":"https:\/\/www.ifz-salzburg.at\/en\/wp-json\/wp\/v2\/media?parent=1713"}],"wp:term":[{"taxonomy":"category","embeddable":true,"href":"https:\/\/www.ifz-salzburg.at\/en\/wp-json\/wp\/v2\/categories?post=1713"},{"taxonomy":"post_tag","embeddable":true,"href":"https:\/\/www.ifz-salzburg.at\/en\/wp-json\/wp\/v2\/tags?post=1713"}],"curies":[{"name":"wp","href":"https:\/\/api.w.org\/{rel}","templated":true}]}}