{"id":1708,"date":"2020-12-17T08:32:50","date_gmt":"2020-12-17T07:32:50","guid":{"rendered":"https:\/\/www.ifz-salzburg.at\/ideenschmiede-fuer-soziale-innovation\/"},"modified":"2022-04-20T09:29:47","modified_gmt":"2022-04-20T07:29:47","slug":"ideenschmiede-fuer-soziale-innovation","status":"publish","type":"post","link":"https:\/\/www.ifz-salzburg.at\/en\/ideenschmiede-fuer-soziale-innovation\/","title":{"rendered":"Ideenschmiede f\u00fcr soziale Innovation"},"content":{"rendered":"<p>Gleich zwei Studierenden-Teams der <a href=\"https:\/\/www.fh-salzburg.ac.at\/\" target=\"_blank\" rel=\"noopener\">FH Salzburg<\/a> besuchten uns diese Woche auf dem M\u00f6nchsberg. Sie besch\u00e4ftigen sich im Rahmen ihres Studiums am Fachbereich Soziales mit der Entwicklung und Umsetzung sozialer Innovationen.<\/p>\n<p>ifz-Wissenschafter <a href=\"https:\/\/www.ifz-salzburg.at\/kos-fabian\/\" target=\"_blank\" rel=\"noopener noreferrer\">Fabian Kos<\/a> diskutierte mit den Studierenden \u00fcber neue Wohnformen im Alter: Welche Kriterien sollten bei der Zusammensetzung der Bewohnerinnen und Bewohner beachtet werden? Wie l\u00e4sst sich eine Hausgemeinschaft auf Dauer erhalten und wie k\u00f6nnte man bei Bedarf Betreuung und Pflege darin integrieren? Den Hintergrund f\u00fcr das Gespr\u00e4ch bildet das k\u00fcrzlich abgeschlossene Forschungsprojekt \u201e<a href=\"https:\/\/www.ifz-salzburg.at\/schwerpunkte\/gesundheitsethik-und-generationen\/cohousing-60\/\" target=\"_blank\" rel=\"noopener\">Cohousing 60+<\/a>\u201c, in dessen Rahmen das ifz vier Seniorenhausgemeinschaften in der Stadt Salzburg wissenschaftlich begleitet hat.<\/p>\n<p><a href=\"https:\/\/www.ifz-salzburg.at\/eisl-angelika\/\" target=\"_blank\" rel=\"noopener noreferrer\">Angelika Eisl<\/a> sprach per Videoschaltung mit dem zweiten FH-Team \u00fcber das Mentoring-Projekt <a href=\"https:\/\/www.ifz-salzburg.at\/schwerpunkte\/forschungsprogramm-offene-mitte\/lernen-macht-schule\/\" target=\"_blank\" rel=\"noopener noreferrer\">\u201eLernen macht Schule\u201c<\/a>. Zentrale Fragestellungen hier: Wie kann es gelingen, digitale Elemente in das Projekt zu integrieren, um die Zusammenarbeit der Tandems weiter zu verbessern?\u00a0Diese Frage stellt sich auch und gerade in Zeiten von Covid-19 mit besonderer Dringlichkeit.<\/p>\n","protected":false},"excerpt":{"rendered":"<p>Gleich zwei Studierenden-Teams der FH Salzburg besuchten uns diese Woche auf dem M\u00f6nchsberg. Sie besch\u00e4ftigen sich im Rahmen ihres Studiums am Fachbereich Soziales mit der Entwicklung und Umsetzung sozialer Innovationen. ifz-Wissenschafter Fabian Kos diskutierte mit den Studierenden \u00fcber neue Wohnformen im Alter: Welche Kriterien sollten bei der Zusammensetzung der Bewohnerinnen und Bewohner beachtet werden? Wie [&hellip;]<\/p>\n","protected":false},"author":2,"featured_media":0,"comment_status":"closed","ping_status":"closed","sticky":false,"template":"","format":"standard","meta":{"_acf_changed":false,"footnotes":""},"categories":[62],"tags":[],"class_list":["post-1708","post","type-post","status-publish","format-standard","hentry","category-projekte-en"],"acf":[],"_links":{"self":[{"href":"https:\/\/www.ifz-salzburg.at\/en\/wp-json\/wp\/v2\/posts\/1708","targetHints":{"allow":["GET"]}}],"collection":[{"href":"https:\/\/www.ifz-salzburg.at\/en\/wp-json\/wp\/v2\/posts"}],"about":[{"href":"https:\/\/www.ifz-salzburg.at\/en\/wp-json\/wp\/v2\/types\/post"}],"author":[{"embeddable":true,"href":"https:\/\/www.ifz-salzburg.at\/en\/wp-json\/wp\/v2\/users\/2"}],"replies":[{"embeddable":true,"href":"https:\/\/www.ifz-salzburg.at\/en\/wp-json\/wp\/v2\/comments?post=1708"}],"version-history":[{"count":1,"href":"https:\/\/www.ifz-salzburg.at\/en\/wp-json\/wp\/v2\/posts\/1708\/revisions"}],"predecessor-version":[{"id":2360,"href":"https:\/\/www.ifz-salzburg.at\/en\/wp-json\/wp\/v2\/posts\/1708\/revisions\/2360"}],"wp:attachment":[{"href":"https:\/\/www.ifz-salzburg.at\/en\/wp-json\/wp\/v2\/media?parent=1708"}],"wp:term":[{"taxonomy":"category","embeddable":true,"href":"https:\/\/www.ifz-salzburg.at\/en\/wp-json\/wp\/v2\/categories?post=1708"},{"taxonomy":"post_tag","embeddable":true,"href":"https:\/\/www.ifz-salzburg.at\/en\/wp-json\/wp\/v2\/tags?post=1708"}],"curies":[{"name":"wp","href":"https:\/\/api.w.org\/{rel}","templated":true}]}}