{"id":1706,"date":"2020-12-22T14:35:19","date_gmt":"2020-12-22T13:35:19","guid":{"rendered":"https:\/\/www.ifz-salzburg.at\/unsichtbare-armut-wahrnehmen\/"},"modified":"2020-12-22T14:35:19","modified_gmt":"2020-12-22T13:35:19","slug":"unsichtbare-armut-wahrnehmen","status":"publish","type":"post","link":"https:\/\/www.ifz-salzburg.at\/en\/unsichtbare-armut-wahrnehmen\/","title":{"rendered":"Unsichtbare Armut wahrnehmen"},"content":{"rendered":"<p>In einem Workshop zum Thema schambehaftete Armut diskutierten ifz-Pr\u00e4sident <a href=\"https:\/\/www.ifz-salzburg.at\/gaisbauer-helmut-p\/\" target=\"_blank\" rel=\"noopener\">Helmut P. Gaisbauer<\/a> und MitarbeiterInnen im <a href=\"https:\/\/www.diakoniewerk.at\/wo-wir-sind\/diakoniewerk-salzburg\" target=\"_blank\" rel=\"noopener\">Diakoniewerk Salzburg<\/a> \u00fcber die Frage, wo und wann uns Armut im Alltag begegnet. Dabei ging es vor allem auch darum, unsichtbare Armut wahrzunehmen. Allein in Salzburg sind circa 61.000 Menschen armutsgef\u00e4hrdet. Rund 82.000 Personen sind armuts- oder ausgrenzungsgef\u00e4hrdet. Dies betrifft auch Kinder. Vor allem die j\u00fcngsten unserer Gesellschaft empfinden oft Scham, wenn es zum Beispiel um die Armut im Elternhaus geht.<\/p>\n<p><a href=\"https:\/\/www.ifz-salzburg.at\/uploads\/2020_04_Diakonie_Die-Zeitschrift-fuer-Naechstenliebe-in-unserer-Zeit.pdf\" target=\"_blank\" rel=\"noopener\">Lesen Sie hier den ganzen Beitrag<\/a>, der in der aktuellen Ausgabe (04\/2020) der Zeitschrift des Diakoniewerks erschienen ist.<\/p>\n","protected":false},"excerpt":{"rendered":"<p>In einem Workshop zum Thema schambehaftete Armut diskutierten ifz-Pr\u00e4sident Helmut P. Gaisbauer und MitarbeiterInnen im Diakoniewerk Salzburg \u00fcber die Frage, wo und wann uns Armut im Alltag begegnet. Dabei ging es vor allem auch darum, unsichtbare Armut wahrzunehmen. Allein in Salzburg sind circa 61.000 Menschen armutsgef\u00e4hrdet. Rund 82.000 Personen sind armuts- oder ausgrenzungsgef\u00e4hrdet. Dies betrifft [&hellip;]<\/p>\n","protected":false},"author":2,"featured_media":0,"comment_status":"closed","ping_status":"closed","sticky":false,"template":"","format":"standard","meta":{"_acf_changed":false,"footnotes":""},"categories":[52],"tags":[],"class_list":["post-1706","post","type-post","status-publish","format-standard","hentry","category-pressespiegel-en"],"acf":[],"_links":{"self":[{"href":"https:\/\/www.ifz-salzburg.at\/en\/wp-json\/wp\/v2\/posts\/1706","targetHints":{"allow":["GET"]}}],"collection":[{"href":"https:\/\/www.ifz-salzburg.at\/en\/wp-json\/wp\/v2\/posts"}],"about":[{"href":"https:\/\/www.ifz-salzburg.at\/en\/wp-json\/wp\/v2\/types\/post"}],"author":[{"embeddable":true,"href":"https:\/\/www.ifz-salzburg.at\/en\/wp-json\/wp\/v2\/users\/2"}],"replies":[{"embeddable":true,"href":"https:\/\/www.ifz-salzburg.at\/en\/wp-json\/wp\/v2\/comments?post=1706"}],"version-history":[{"count":0,"href":"https:\/\/www.ifz-salzburg.at\/en\/wp-json\/wp\/v2\/posts\/1706\/revisions"}],"wp:attachment":[{"href":"https:\/\/www.ifz-salzburg.at\/en\/wp-json\/wp\/v2\/media?parent=1706"}],"wp:term":[{"taxonomy":"category","embeddable":true,"href":"https:\/\/www.ifz-salzburg.at\/en\/wp-json\/wp\/v2\/categories?post=1706"},{"taxonomy":"post_tag","embeddable":true,"href":"https:\/\/www.ifz-salzburg.at\/en\/wp-json\/wp\/v2\/tags?post=1706"}],"curies":[{"name":"wp","href":"https:\/\/api.w.org\/{rel}","templated":true}]}}