{"id":1698,"date":"2021-03-30T09:00:37","date_gmt":"2021-03-30T07:00:37","guid":{"rendered":"https:\/\/www.ifz-salzburg.at\/herzlich-willkommen-dr-markus-welte-interimspraesident-am-ifz\/"},"modified":"2021-11-25T21:05:12","modified_gmt":"2021-11-25T20:05:12","slug":"herzlich-willkommen-dr-markus-welte-interimspraesident-am-ifz","status":"publish","type":"post","link":"https:\/\/www.ifz-salzburg.at\/en\/herzlich-willkommen-dr-markus-welte-interimspraesident-am-ifz\/","title":{"rendered":"Herzlich Willkommen Dr. Markus Welte, Interimspr\u00e4sident am ifz!"},"content":{"rendered":"<p>Wir begr\u00fc\u00dfen ganz herzlich unseren neuen ifz-Pr\u00e4sidenten <a href=\"https:\/\/www.eds.at\/wir\/erzbischof\/erzbischoefliches-sekretariat\/\" target=\"_blank\" rel=\"noopener\">Markus Welte<\/a>, der das Amt interimistisch von seinem Vorg\u00e4nger <a href=\"https:\/\/www.ifz-salzburg.at\/gaisbauer-helmut-p\/\" target=\"_blank\" rel=\"noopener\">Helmut P. Gaisbauer<\/a> Mitte M\u00e4rz 2021 \u00fcbernommen hat.<\/p>\n<p>Geboren in Freiburg im Breisgau, Deutschland, studierte Markus Welte Theologie an der <a href=\"https:\/\/uni-freiburg.de\/\" target=\"_blank\" rel=\"noopener\">Albert-Ludwigs-Universit\u00e4t Freiburg<\/a>, der\u00a0<a href=\"https:\/\/uni-tuebingen.de\/\" target=\"_blank\" rel=\"noopener\">Eberhard-Karls-Universit\u00e4t T\u00fcbingen<\/a>\u00a0und der\u00a0<a href=\"https:\/\/www.lmu.de\/de\/index.html\" target=\"_blank\" rel=\"noopener\">LMU M\u00fcnchen<\/a>. Bis 2018 war er wissenschaftlicher Mitarbeiter am Lehrstuhl f\u00fcr Dogmatik und \u00d6kumenische Theologie an der LMU M\u00fcnchen, und promovierte dort im Fachbereich Dogmatik mit einer Arbeit zur Christologie bei Bernhard Welte (\u201eDie christologische Hermeneutik Bernhard Weltes\u201c, erschienen im Verlag Friedrich Pustet 2019).<\/p>\n<p>Im selben Jahr wurde er Assistent des Generalvikars in der\u00a0<a href=\"https:\/\/www.eds.at\/\" target=\"_blank\" rel=\"noopener\">Erzdi\u00f6zese Salzburg<\/a>. Heute ist er neben seiner Funktion als Referent f\u00fcr Erwachsenenbildung auch theologischer Referent im erzbisch\u00f6flichen Sekretariat.<\/p>\n<p>Wir freuen uns auf seine spannenden Impulse, neue Themen und einen regen sowie produktiven Austausch!<\/p>\n","protected":false},"excerpt":{"rendered":"<p>Wir begr\u00fc\u00dfen ganz herzlich unseren neuen ifz-Pr\u00e4sidenten Markus Welte, der das Amt interimistisch von seinem Vorg\u00e4nger Helmut P. Gaisbauer Mitte M\u00e4rz 2021 \u00fcbernommen hat. Geboren in Freiburg im Breisgau, Deutschland, studierte Markus Welte Theologie an der Albert-Ludwigs-Universit\u00e4t Freiburg, der\u00a0Eberhard-Karls-Universit\u00e4t T\u00fcbingen\u00a0und der\u00a0LMU M\u00fcnchen. Bis 2018 war er wissenschaftlicher Mitarbeiter am Lehrstuhl f\u00fcr Dogmatik und \u00d6kumenische Theologie [&hellip;]<\/p>\n","protected":false},"author":2,"featured_media":1310,"comment_status":"closed","ping_status":"closed","sticky":false,"template":"","format":"standard","meta":{"_acf_changed":false,"footnotes":""},"categories":[59],"tags":[],"class_list":["post-1698","post","type-post","status-publish","format-standard","has-post-thumbnail","hentry","category-team-en"],"acf":[],"_links":{"self":[{"href":"https:\/\/www.ifz-salzburg.at\/en\/wp-json\/wp\/v2\/posts\/1698","targetHints":{"allow":["GET"]}}],"collection":[{"href":"https:\/\/www.ifz-salzburg.at\/en\/wp-json\/wp\/v2\/posts"}],"about":[{"href":"https:\/\/www.ifz-salzburg.at\/en\/wp-json\/wp\/v2\/types\/post"}],"author":[{"embeddable":true,"href":"https:\/\/www.ifz-salzburg.at\/en\/wp-json\/wp\/v2\/users\/2"}],"replies":[{"embeddable":true,"href":"https:\/\/www.ifz-salzburg.at\/en\/wp-json\/wp\/v2\/comments?post=1698"}],"version-history":[{"count":1,"href":"https:\/\/www.ifz-salzburg.at\/en\/wp-json\/wp\/v2\/posts\/1698\/revisions"}],"predecessor-version":[{"id":1795,"href":"https:\/\/www.ifz-salzburg.at\/en\/wp-json\/wp\/v2\/posts\/1698\/revisions\/1795"}],"wp:featuredmedia":[{"embeddable":true,"href":"https:\/\/www.ifz-salzburg.at\/en\/wp-json\/wp\/v2\/media\/1310"}],"wp:attachment":[{"href":"https:\/\/www.ifz-salzburg.at\/en\/wp-json\/wp\/v2\/media?parent=1698"}],"wp:term":[{"taxonomy":"category","embeddable":true,"href":"https:\/\/www.ifz-salzburg.at\/en\/wp-json\/wp\/v2\/categories?post=1698"},{"taxonomy":"post_tag","embeddable":true,"href":"https:\/\/www.ifz-salzburg.at\/en\/wp-json\/wp\/v2\/tags?post=1698"}],"curies":[{"name":"wp","href":"https:\/\/api.w.org\/{rel}","templated":true}]}}