{"id":1695,"date":"2021-04-15T09:00:07","date_gmt":"2021-04-15T07:00:07","guid":{"rendered":"https:\/\/www.ifz-salzburg.at\/krise-als-chance-zwischen-vertrauen-und-kontrolle-online-vortrag-mit-markus-pausch\/"},"modified":"2021-04-15T09:00:07","modified_gmt":"2021-04-15T07:00:07","slug":"krise-als-chance-zwischen-vertrauen-und-kontrolle-online-vortrag-mit-markus-pausch","status":"publish","type":"post","link":"https:\/\/www.ifz-salzburg.at\/en\/krise-als-chance-zwischen-vertrauen-und-kontrolle-online-vortrag-mit-markus-pausch\/","title":{"rendered":"Krise als Chance: Zwischen Vertrauen und Kontrolle &#8211; Online Vortrag mit Markus Pausch"},"content":{"rendered":"<div class=\"title\">Am Mittwoch, den 14. April 2021, fand der Vortrag &#8220;Zwischen Vertrauen und Kontrolle.<br \/>\nWas Ausnahmesituationen f\u00fcr Demokratie und Rechtsstaat bedeuten&#8221; mit dem Salzburger Politologen Markus Pausch mittels Online-Videodienst Zoom statt.<\/div>\n<p><!--more--><\/p>\n<div class=\"text push\">\n<h4>Zum Inhalt<\/h4>\n<p>\u201eAu\u00dfergew\u00f6hnliche Umst\u00e4nde erfordern au\u00dfergew\u00f6hnliche Ma\u00dfnahmen.\u201c Diese Redensart dient h\u00e4ufig als politische Rechtfertigung, wenn das \u00f6ffentliche Leben von B\u00fcrgerinnen und B\u00fcrgern in besonderer Weise beeintr\u00e4chtigt werden soll. Doch: Wer oder was entscheidet dar\u00fcber, dass eine Situation als Ausnahme-Situation definiert wird? Welche gesellschaftlichen Einschr\u00e4nkungen sind in diesem Zusammenhang zul\u00e4ssig oder sogar geboten und welche potenziell demokratiegef\u00e4hrdend? Was zeichnet zivilgesellschaftliches Ethos in der Krise aus? Welche Rolle kommt politischer F\u00fchrung in Krisensituationen zu und wo liegen ihre Grenzen? Dr. Markus Pausch, Politologe und Professor an der Fachhochschule Salzburg, sensibilisiert f\u00fcr die Komplexit\u00e4t dieser Fragestellungen und stellt Perspektiven aus der Demokratieforschung vor, die bei der Suche nach Antworten darauf helfen.<\/p>\n<p>Der Vortrag fand im Rahmen der Gespr\u00e4chsreihe \u201eKrise als Chance? Was Gemeinschaften resilient macht und entwicklungsf\u00e4hig h\u00e4lt\u201c statt. Die Reihe wird gef\u00f6rdert\u00a0aus Mitteln der\u00a0<a href=\"https:\/\/www.politischebildung.at\/\" target=\"_blank\" rel=\"noopener\">\u00d6sterreichischen Gesellschaft f\u00fcr Politische Bildung<\/a>.<\/p>\n<\/div>\n","protected":false},"excerpt":{"rendered":"<p>Am Mittwoch, den 14. April 2021, fand der Vortrag &#8220;Zwischen Vertrauen und Kontrolle. Was Ausnahmesituationen f\u00fcr Demokratie und Rechtsstaat bedeuten&#8221; mit dem Salzburger Politologen Markus Pausch mittels Online-Videodienst Zoom statt.<\/p>\n","protected":false},"author":2,"featured_media":1485,"comment_status":"closed","ping_status":"closed","sticky":false,"template":"","format":"standard","meta":{"_acf_changed":false,"footnotes":""},"categories":[50],"tags":[],"class_list":["post-1695","post","type-post","status-publish","format-standard","has-post-thumbnail","hentry","category-veranstaltungen-en"],"acf":[],"_links":{"self":[{"href":"https:\/\/www.ifz-salzburg.at\/en\/wp-json\/wp\/v2\/posts\/1695","targetHints":{"allow":["GET"]}}],"collection":[{"href":"https:\/\/www.ifz-salzburg.at\/en\/wp-json\/wp\/v2\/posts"}],"about":[{"href":"https:\/\/www.ifz-salzburg.at\/en\/wp-json\/wp\/v2\/types\/post"}],"author":[{"embeddable":true,"href":"https:\/\/www.ifz-salzburg.at\/en\/wp-json\/wp\/v2\/users\/2"}],"replies":[{"embeddable":true,"href":"https:\/\/www.ifz-salzburg.at\/en\/wp-json\/wp\/v2\/comments?post=1695"}],"version-history":[{"count":0,"href":"https:\/\/www.ifz-salzburg.at\/en\/wp-json\/wp\/v2\/posts\/1695\/revisions"}],"wp:featuredmedia":[{"embeddable":true,"href":"https:\/\/www.ifz-salzburg.at\/en\/wp-json\/wp\/v2\/media\/1485"}],"wp:attachment":[{"href":"https:\/\/www.ifz-salzburg.at\/en\/wp-json\/wp\/v2\/media?parent=1695"}],"wp:term":[{"taxonomy":"category","embeddable":true,"href":"https:\/\/www.ifz-salzburg.at\/en\/wp-json\/wp\/v2\/categories?post=1695"},{"taxonomy":"post_tag","embeddable":true,"href":"https:\/\/www.ifz-salzburg.at\/en\/wp-json\/wp\/v2\/tags?post=1695"}],"curies":[{"name":"wp","href":"https:\/\/api.w.org\/{rel}","templated":true}]}}