{"id":1676,"date":"2021-09-23T09:43:54","date_gmt":"2021-09-23T07:43:54","guid":{"rendered":"https:\/\/www.ifz-salzburg.at\/das-ifz-hat-einen-neuen-praesidenten-christian-lagger\/"},"modified":"2021-11-25T21:04:36","modified_gmt":"2021-11-25T20:04:36","slug":"das-ifz-hat-einen-neuen-praesidenten-christian-lagger","status":"publish","type":"post","link":"https:\/\/www.ifz-salzburg.at\/en\/das-ifz-hat-einen-neuen-praesidenten-christian-lagger\/","title":{"rendered":"Das ifz hat einen neuen Pr\u00e4sidenten: Christian Lagger"},"content":{"rendered":"<p>Christian Lagger ist Philosoph, Theologe und Manager. Mit der Welt der Wissenschaft und Forschung ist der Gesch\u00e4ftsf\u00fchrer der <a href=\"https:\/\/www.elisabethinen.at\/\" target=\"_blank\" rel=\"noopener\">Elisabethinen Graz<\/a> fest verwurzelt. Als neuer ifz-Pr\u00e4sident st\u00e4rkt er gemeinsam mit einem ausgezeichneten Wissenschaftsteam das Forschungszentrum als Ort der Begegnung f\u00fcr Menschen aus Gesellschaft, Kirche und Wirtschaft.<!--more--> Sein Ziel ist es, die f\u00fcr das ifz charakteristische l\u00f6sungsorientierte und interdisziplin\u00e4re Forschung, in Kombination mit sozialethischen und gesellschaftlich relevanten Grunds\u00e4tzen weiter auszubauen und zu vertiefen.<\/p>\n<p>Christian Laggers fundiertes Know-How in den Bereichen Management und Unternehmensf\u00fchrung gibt dem ifz neue und spannende Impulse. Seine Expertise im Gesundheits- und Krankenhausbereich bildet eine perfekte Erg\u00e4nzung zu bisherigen Forschungsschwerpunkten (Beispiel: \u201eEthik im Krankenhausalltag\u201c oder \u201eEthik in der Pflege\u201c) des Instituts.<\/p>\n<p>Nicht zuletzt aber ist das grundlegende Anliegen des neuen ifz-Pr\u00e4sidenten, die \u201eSchule der Menschlichkeit\u201c &#8211; von <a href=\"https:\/\/www.ifz-salzburg.at\/en\/ueber-uns\/team\/#sedmak-clemens\" target=\"_blank\" rel=\"noopener\">Clemens Sedmak<\/a> initiiert und unter <a href=\"https:\/\/www.povertyresearch.org\/helmut-p-gaisbauer.html\" target=\"_blank\" rel=\"noopener\">Helmut P. Gaisbauer<\/a> vertieft &#8211; im Sinne der vorhergehenden ifz-Pr\u00e4sidenten fortzuf\u00fchren: Die W\u00fcrde des Menschen, das Gute zu leben, ein respektvolles Miteinander und eine wertsch\u00e4tzende Zusammenarbeit stehen somit auch k\u00fcnftig im Mittelpunkt der Arbeit des internationalen Forschungszentrums unter der neuen F\u00fchrung von Christian Lagger.<\/p>\n<p><strong>Werdegang<\/strong> <strong>MMag. Dr. Christian Lagger, MBA<\/strong><\/p>\n<p>Im Jahr 1967 in Paternion in K\u00e4rnten geboren, studierte Christian Lagger neben Theologie und Philosophie au\u00dferdem Business Administration. Seine Wege f\u00fchrten ihn \u00fcber Salzburg, nach Innsbruck, Graz und Wien. Seit 2010 ist er Gesch\u00e4ftsf\u00fchrer der Elisabethinen. Dazu geh\u00f6ren unter anderem die Elisabethinen Graz Gmbh, das Krankenhaus der Elisabethinen GmbH und die Elisabethinen Graz-Linz-Wien Service und Management GmbH. Seit 2016 ist Christian Lagger auch Sprecher der Elisabethinen \u00d6sterreich. Er ist Vorsitzender und Mitglied mehrerer Aufsichtsorgane, Gremien und Vereine. An der <a href=\"https:\/\/www.fh-joanneum.at\/\" target=\"_blank\" rel=\"noopener\">FH Joanneum<\/a> und an der <a href=\"https:\/\/www.uni-graz.at\/de\/\" target=\"_blank\" rel=\"noopener\">Karl Franzens Universit\u00e4t Graz<\/a> lehrt Christian Lagger Managementtheorie, Leadership\/strategisches Denken sowie Organisationskultur. Er publiziert regelm\u00e4\u00dfig zu Fragen der F\u00fchrung und des Gesundheitssystems (Management, \u00d6konomie, Ethik) und ist als Unternehmens- und F\u00fchrungskr\u00e4fteberater t\u00e4tig. Christian Lagger ist verheiratet und hat vier Kinder.<\/p>\n","protected":false},"excerpt":{"rendered":"<p>Christian Lagger ist Philosoph, Theologe und Manager. Mit der Welt der Wissenschaft und Forschung ist der Gesch\u00e4ftsf\u00fchrer der Elisabethinen Graz fest verwurzelt. Als neuer ifz-Pr\u00e4sident st\u00e4rkt er gemeinsam mit einem ausgezeichneten Wissenschaftsteam das Forschungszentrum als Ort der Begegnung f\u00fcr Menschen aus Gesellschaft, Kirche und Wirtschaft.<\/p>\n","protected":false},"author":2,"featured_media":1397,"comment_status":"closed","ping_status":"closed","sticky":false,"template":"","format":"standard","meta":{"_acf_changed":false,"footnotes":""},"categories":[59],"tags":[],"class_list":["post-1676","post","type-post","status-publish","format-standard","has-post-thumbnail","hentry","category-team-en"],"acf":[],"_links":{"self":[{"href":"https:\/\/www.ifz-salzburg.at\/en\/wp-json\/wp\/v2\/posts\/1676","targetHints":{"allow":["GET"]}}],"collection":[{"href":"https:\/\/www.ifz-salzburg.at\/en\/wp-json\/wp\/v2\/posts"}],"about":[{"href":"https:\/\/www.ifz-salzburg.at\/en\/wp-json\/wp\/v2\/types\/post"}],"author":[{"embeddable":true,"href":"https:\/\/www.ifz-salzburg.at\/en\/wp-json\/wp\/v2\/users\/2"}],"replies":[{"embeddable":true,"href":"https:\/\/www.ifz-salzburg.at\/en\/wp-json\/wp\/v2\/comments?post=1676"}],"version-history":[{"count":1,"href":"https:\/\/www.ifz-salzburg.at\/en\/wp-json\/wp\/v2\/posts\/1676\/revisions"}],"predecessor-version":[{"id":1793,"href":"https:\/\/www.ifz-salzburg.at\/en\/wp-json\/wp\/v2\/posts\/1676\/revisions\/1793"}],"wp:featuredmedia":[{"embeddable":true,"href":"https:\/\/www.ifz-salzburg.at\/en\/wp-json\/wp\/v2\/media\/1397"}],"wp:attachment":[{"href":"https:\/\/www.ifz-salzburg.at\/en\/wp-json\/wp\/v2\/media?parent=1676"}],"wp:term":[{"taxonomy":"category","embeddable":true,"href":"https:\/\/www.ifz-salzburg.at\/en\/wp-json\/wp\/v2\/categories?post=1676"},{"taxonomy":"post_tag","embeddable":true,"href":"https:\/\/www.ifz-salzburg.at\/en\/wp-json\/wp\/v2\/tags?post=1676"}],"curies":[{"name":"wp","href":"https:\/\/api.w.org\/{rel}","templated":true}]}}