{"id":1674,"date":"2021-10-06T09:53:08","date_gmt":"2021-10-06T07:53:08","guid":{"rendered":"https:\/\/www.ifz-salzburg.at\/lernen-macht-schule-startet-ins-neue-semester\/"},"modified":"2022-04-20T09:25:16","modified_gmt":"2022-04-20T07:25:16","slug":"lernen-macht-schule-startet-ins-neue-semester","status":"publish","type":"post","link":"https:\/\/www.ifz-salzburg.at\/en\/lernen-macht-schule-startet-ins-neue-semester\/","title":{"rendered":"&#8220;Lernen macht Schule&#8221; startet ins neue Semester!"},"content":{"rendered":"<p>Vergangene Woche fiel der Startschuss f\u00fcr das neue Lernbuddy-Wintersemester 2021\/2022. In den kommenden Monaten k\u00fcmmern sich erneut rund 30 Studierende der <a href=\"https:\/\/www.plus.ac.at\/\" target=\"_blank\" rel=\"noopener\">Universit\u00e4t Salzburg<\/a> um Kinder und Jugendliche aus sozial benachteiligten Familien.<!--more--><\/p>\n<p>Mit dabei sind 18 neue Lernbuddys. Sie wurden am Mittwoch, den 29. September 2021, von <a href=\"https:\/\/www.caritas-salzburg.at\/\" target=\"_blank\" rel=\"noopener\">Caritas<\/a>-Mitarbeiterin Suzana Antonijevic in das Projekt eingef\u00fchrt und erhielten dadurch einen guten Einblick in die Arbeit einer Mentorin\/eines Mentors. Auch gab es die M\u00f6glichkeit, Fragen zu stellen und sich austauschen. Wie schon in den vorangegangenen Corona-Semestern durften wir auch dieses Mal die R\u00e4umlichkeiten des Pfarrsaals in der Plainstra\u00dfe ben\u00fctzen.<\/p>\n<p>Am zweiten Seminartag sprach <a href=\"http:\/\/www.augustheidl.at\/\" target=\"_blank\" rel=\"noopener\">August Heidl<\/a> (Supervisor und Moderator) \u00fcber N\u00e4he und Distanz und \u00fcber gelingende Lernbeziehungen.<\/p>\n<p>Wir w\u00fcnschen allen Lernbuddys viel Freude an der Arbeit mit \u201eihren Kindern\u201c und danken allen f\u00fcr ihr gro\u00dfes Engagement!<\/p>\n","protected":false},"excerpt":{"rendered":"<p>Vergangene Woche fiel der Startschuss f\u00fcr das neue Lernbuddy-Wintersemester 2021\/2022. In den kommenden Monaten k\u00fcmmern sich erneut rund 30 Studierende der Universit\u00e4t Salzburg um Kinder und Jugendliche aus sozial benachteiligten Familien.<\/p>\n","protected":false},"author":2,"featured_media":1471,"comment_status":"closed","ping_status":"closed","sticky":false,"template":"","format":"standard","meta":{"_acf_changed":false,"footnotes":""},"categories":[62],"tags":[],"class_list":["post-1674","post","type-post","status-publish","format-standard","has-post-thumbnail","hentry","category-projekte-en"],"acf":[],"_links":{"self":[{"href":"https:\/\/www.ifz-salzburg.at\/en\/wp-json\/wp\/v2\/posts\/1674","targetHints":{"allow":["GET"]}}],"collection":[{"href":"https:\/\/www.ifz-salzburg.at\/en\/wp-json\/wp\/v2\/posts"}],"about":[{"href":"https:\/\/www.ifz-salzburg.at\/en\/wp-json\/wp\/v2\/types\/post"}],"author":[{"embeddable":true,"href":"https:\/\/www.ifz-salzburg.at\/en\/wp-json\/wp\/v2\/users\/2"}],"replies":[{"embeddable":true,"href":"https:\/\/www.ifz-salzburg.at\/en\/wp-json\/wp\/v2\/comments?post=1674"}],"version-history":[{"count":1,"href":"https:\/\/www.ifz-salzburg.at\/en\/wp-json\/wp\/v2\/posts\/1674\/revisions"}],"predecessor-version":[{"id":2347,"href":"https:\/\/www.ifz-salzburg.at\/en\/wp-json\/wp\/v2\/posts\/1674\/revisions\/2347"}],"wp:featuredmedia":[{"embeddable":true,"href":"https:\/\/www.ifz-salzburg.at\/en\/wp-json\/wp\/v2\/media\/1471"}],"wp:attachment":[{"href":"https:\/\/www.ifz-salzburg.at\/en\/wp-json\/wp\/v2\/media?parent=1674"}],"wp:term":[{"taxonomy":"category","embeddable":true,"href":"https:\/\/www.ifz-salzburg.at\/en\/wp-json\/wp\/v2\/categories?post=1674"},{"taxonomy":"post_tag","embeddable":true,"href":"https:\/\/www.ifz-salzburg.at\/en\/wp-json\/wp\/v2\/tags?post=1674"}],"curies":[{"name":"wp","href":"https:\/\/api.w.org\/{rel}","templated":true}]}}