{"id":1673,"date":"2021-10-11T15:41:24","date_gmt":"2021-10-11T13:41:24","guid":{"rendered":"https:\/\/www.ifz-salzburg.at\/herzlich-willkommen-im-team-theresa-klinglmayr\/"},"modified":"2021-11-25T21:04:17","modified_gmt":"2021-11-25T20:04:17","slug":"herzlich-willkommen-im-team-theresa-klinglmayr","status":"publish","type":"post","link":"https:\/\/www.ifz-salzburg.at\/en\/herzlich-willkommen-im-team-theresa-klinglmayr\/","title":{"rendered":"Herzlich Willkommen im Team, Theresa Klinglmayr!"},"content":{"rendered":"<p>Seit Oktober 2021 verst\u00e4rkt Theresa Klinglmayr unser Forschungsteam. Als Karenzvertretung f\u00fcr <a href=\"https:\/\/www.ifz-salzburg.at\/roehm-mona\/\" target=\"_blank\" rel=\"noopener\">Mona R\u00f6hm<\/a> arbeitet sie haupts\u00e4chlich im Horizon-2020-Projekt \u201e<a href=\"https:\/\/www.ifz-salzburg.at\/en\/thema\/opportunities\/\" target=\"_blank\" rel=\"noopener\">Crises as Opportunities<\/a>\u201c mit. Gemeinsam mit Fatemeh Rezaee und Birgit Bahti\u0107-Kunrath ist sie derzeit damit besch\u00e4ftigt, das neue Format der Crosstalks in Salzburg zu konzipieren und umzusetzen.<!--more--><\/p>\n<p>Theresa Klinglmayr ist Dissertantin und wissenschaftliche Mitarbeiterin am Fachbereich Kommunikationswissenschaft an der <a href=\"https:\/\/www.plus.ac.at\/\" target=\"_blank\" rel=\"noopener\">Universit\u00e4t Salzburg<\/a>, wo sie auch ihr Studium absolvierte. Zuvor war sie als Redakteurin f\u00fcr verschiedene Magazine t\u00e4tig. In ihrer Dissertation befasst sie sich mit Fragen interkultureller Kommunikation in der Einwanderungsgesellschaft. Ihre Forschungsinteressen beinhalten Themen wie Migration und Fremdheit, Kulturdiskurse, soziale Ungleichheiten und qualitative Methoden.<\/p>\n<p>Wir w\u00fcnschen Theresa Klinglamyer ein gutes Ankommen und Arbeiten bei uns am M\u00f6nchsberg.<\/p>\n","protected":false},"excerpt":{"rendered":"<p>Seit Oktober 2021 verst\u00e4rkt Theresa Klinglmayr unser Forschungsteam. Als Karenzvertretung f\u00fcr Mona R\u00f6hm arbeitet sie haupts\u00e4chlich im Horizon-2020-Projekt \u201eCrises as Opportunities\u201c mit. Gemeinsam mit Fatemeh Rezaee und Birgit Bahti\u0107-Kunrath ist sie derzeit damit besch\u00e4ftigt, das neue Format der Crosstalks in Salzburg zu konzipieren und umzusetzen.<\/p>\n","protected":false},"author":2,"featured_media":1478,"comment_status":"closed","ping_status":"closed","sticky":false,"template":"","format":"standard","meta":{"_acf_changed":false,"footnotes":""},"categories":[59],"tags":[],"class_list":["post-1673","post","type-post","status-publish","format-standard","has-post-thumbnail","hentry","category-team-en"],"acf":[],"_links":{"self":[{"href":"https:\/\/www.ifz-salzburg.at\/en\/wp-json\/wp\/v2\/posts\/1673","targetHints":{"allow":["GET"]}}],"collection":[{"href":"https:\/\/www.ifz-salzburg.at\/en\/wp-json\/wp\/v2\/posts"}],"about":[{"href":"https:\/\/www.ifz-salzburg.at\/en\/wp-json\/wp\/v2\/types\/post"}],"author":[{"embeddable":true,"href":"https:\/\/www.ifz-salzburg.at\/en\/wp-json\/wp\/v2\/users\/2"}],"replies":[{"embeddable":true,"href":"https:\/\/www.ifz-salzburg.at\/en\/wp-json\/wp\/v2\/comments?post=1673"}],"version-history":[{"count":1,"href":"https:\/\/www.ifz-salzburg.at\/en\/wp-json\/wp\/v2\/posts\/1673\/revisions"}],"predecessor-version":[{"id":1792,"href":"https:\/\/www.ifz-salzburg.at\/en\/wp-json\/wp\/v2\/posts\/1673\/revisions\/1792"}],"wp:featuredmedia":[{"embeddable":true,"href":"https:\/\/www.ifz-salzburg.at\/en\/wp-json\/wp\/v2\/media\/1478"}],"wp:attachment":[{"href":"https:\/\/www.ifz-salzburg.at\/en\/wp-json\/wp\/v2\/media?parent=1673"}],"wp:term":[{"taxonomy":"category","embeddable":true,"href":"https:\/\/www.ifz-salzburg.at\/en\/wp-json\/wp\/v2\/categories?post=1673"},{"taxonomy":"post_tag","embeddable":true,"href":"https:\/\/www.ifz-salzburg.at\/en\/wp-json\/wp\/v2\/tags?post=1673"}],"curies":[{"name":"wp","href":"https:\/\/api.w.org\/{rel}","templated":true}]}}